{"id":988,"date":"2020-11-19T03:53:40","date_gmt":"2020-11-19T03:53:40","guid":{"rendered":"http:\/\/demo.woostify.com\/fashion1\/?p=1"},"modified":"2021-05-05T20:00:19","modified_gmt":"2021-05-05T17:00:19","slug":"vastlakuklid-2020","status":"publish","type":"post","link":"https:\/\/pats.ee\/en\/vastlakuklid-2020\/","title":{"rendered":"Sahvris saab vastlakuklit mugida varasemast suurem seltskond"},"content":{"rendered":"<p><span style=\"font-weight: 400\">P\u00e4ts Sahvri klientidel on juba eelmise aasta l\u00f5pust olnud v\u00f5imalus pagarit\u00f6\u00f6koja laienenud kohvikunurgas istet v\u00f5tta ja tassi kohvi k\u00f5rvale m\u00f5ni ahjusoe k\u00fcpsetis nosida.&nbsp;<\/span><\/p>\n\n\n\n<p><span style=\"font-weight: 400\">Varem pakkimisruumina kasutusel olnud toa vahesein v\u00f5eti maha, ja kui seni sai \u00f5dusas kohvikunurgas kahe lauakese taga istet v\u00f5tta, siis n\u00fc\u00fcd mahub sinna lausa mitu suurt ning v\u00e4ikest seltskonda korraga k\u00fcpsetisi mekkima ja aega veetma.<\/span><\/p>\n\n\n\n<p><span style=\"font-weight: 400\">Esialgu plaanisid v\u00e4ikese pagarit\u00f6\u00f6koja P\u00e4ts O\u00dc eestvedajad, vend ja \u00f5de Heiki ning Kaja Hallik, et sahvrisse j\u00e4\u00e4vad m\u00fc\u00fcki m\u00f5ned \u00fcksikud tooted, kuid tegelikkuses on linna tuiksoonest eemal asuv m\u00f5nus koht meelitanud kohale v\u00e4ga palju k\u00fclastajaid ning sortiment ostmiseks ja kohapeal tarvitamiseks v\u00e4ga lai. \u201cMe v\u00e4ga v\u00e4\u00e4rtustame seda, et kliendid s\u00f5idavad siia spetsiaalselt kohale. Selle eest tahame vastu anda perfektset toodet,\u201d \u00fctles Kaja Hallik ja lisas, et selline kohvik on olnud tema venna unistus juba t\u00fckk aega. <\/span><\/p>\n\n\n\n<p><a href=\"https:\/\/virumaateataja.postimees.ee\/6884848\/patsi-sahvris-saab-vastlakuklit-mugida-varasemast-suurem-seltskond\">https:\/\/virumaateataja.postimees.ee\/6884848\/patsi-sahvris-saab-vastlakuklit-mugida-varasemast-suurem-seltskond<\/a><\/p>\n\n    <div class=\"xs_social_share_widget xs_share_url after_content \t\tmain_content  wslu-style-1 wslu-share-box-shaped wslu-fill-colored wslu-none wslu-share-horizontal wslu-theme-font-no wslu-main_content\">\n\n\t\t\n        <ul>\n\t\t\t        <\/ul>\n    <\/div>","protected":false},"excerpt":{"rendered":"<p>P\u00e4ts Sahvri klientidel on juba eelmise aasta l\u00f5pust olnud v\u00f5imalus pagarit\u00f6\u00f6koja laienenud kohvikunurgas istet v\u00f5tta ja tassi kohvi k\u00f5rvale m\u00f5ni ahjusoe k\u00fcpsetis nosida.&nbsp; Varem pakkimisruumina kasutusel olnud toa vahesein v\u00f5eti maha, ja kui seni sai \u00f5dusas kohvikunurgas kahe lauakese taga istet v\u00f5tta, siis n\u00fc\u00fcd mahub sinna lausa mitu suurt ning v\u00e4ikest seltskonda korraga k\u00fcpsetisi mekkima [&hellip;]<\/p>\n","protected":false},"author":1,"featured_media":1476,"comment_status":"open","ping_status":"open","sticky":false,"template":"","format":"standard","meta":{"footnotes":""},"categories":[62],"tags":[],"class_list":["post-988","post","type-post","status-publish","format-standard","has-post-thumbnail","hentry","category-uudised"],"aioseo_notices":[],"_links":{"self":[{"href":"https:\/\/pats.ee\/en\/wp-json\/wp\/v2\/posts\/988","targetHints":{"allow":["GET"]}}],"collection":[{"href":"https:\/\/pats.ee\/en\/wp-json\/wp\/v2\/posts"}],"about":[{"href":"https:\/\/pats.ee\/en\/wp-json\/wp\/v2\/types\/post"}],"author":[{"embeddable":true,"href":"https:\/\/pats.ee\/en\/wp-json\/wp\/v2\/users\/1"}],"replies":[{"embeddable":true,"href":"https:\/\/pats.ee\/en\/wp-json\/wp\/v2\/comments?post=988"}],"version-history":[{"count":0,"href":"https:\/\/pats.ee\/en\/wp-json\/wp\/v2\/posts\/988\/revisions"}],"wp:featuredmedia":[{"embeddable":true,"href":"https:\/\/pats.ee\/en\/wp-json\/wp\/v2\/media\/1476"}],"wp:attachment":[{"href":"https:\/\/pats.ee\/en\/wp-json\/wp\/v2\/media?parent=988"}],"wp:term":[{"taxonomy":"category","embeddable":true,"href":"https:\/\/pats.ee\/en\/wp-json\/wp\/v2\/categories?post=988"},{"taxonomy":"post_tag","embeddable":true,"href":"https:\/\/pats.ee\/en\/wp-json\/wp\/v2\/tags?post=988"}],"curies":[{"name":"wp","href":"https:\/\/api.w.org\/{rel}","templated":true}]}}